{"id":312,"date":"2022-09-01T07:16:40","date_gmt":"2022-09-01T05:16:40","guid":{"rendered":"http:\/\/chrystelprof.fr\/?p=312"},"modified":"2023-07-20T08:42:20","modified_gmt":"2023-07-20T06:42:20","slug":"rentree-2022","status":"publish","type":"post","link":"https:\/\/chrystelprof.fr\/?p=312","title":{"rendered":"Rentr\u00e9e 2022"},"content":{"rendered":"\n<p>Je me r\u00e9jouis de faire une rentr\u00e9e avec encore plus d&rsquo;\u00e9l\u00e8ves de l&rsquo;ann\u00e9e derni\u00e8re (10 sur 12 \u00e0 cette date). Je me r\u00e9jouis aussi cette ann\u00e9e d&rsquo;augmenter mon activit\u00e9 d&rsquo;encadrement de TP de physique \u00e0 l&rsquo;\u00e9cole de chimie et l&rsquo;INSA.<\/p>\n\n\n\n<p>Au lyc\u00e9e, l&rsquo;ann\u00e9e derni\u00e8re ne s&rsquo;est pas pass\u00e9 compl\u00e8tement dans le programme et avec des s\u00e9quelles du Covid mais l&rsquo;ann\u00e9e qui d\u00e9marre semble mieux s&rsquo;annoncer. Je souhaite une bonne rentr\u00e9e \u00e0 tous.<\/p>\n","protected":false},"excerpt":{"rendered":"<p>Je me r\u00e9jouis de faire une rentr\u00e9e avec encore plus d&rsquo;\u00e9l\u00e8ves de l&rsquo;ann\u00e9e derni\u00e8re (10 sur 12 \u00e0 cette date). Je me r\u00e9jouis aussi cette ann\u00e9e d&rsquo;augmenter mon activit\u00e9 d&rsquo;encadrement de TP de physique \u00e0 l&rsquo;\u00e9cole de chimie et l&rsquo;INSA. Au lyc\u00e9e, l&rsquo;ann\u00e9e derni\u00e8re ne s&rsquo;est pas pass\u00e9 compl\u00e8tement dans le programme et avec des &hellip; <a href=\"https:\/\/chrystelprof.fr\/?p=312\" class=\"more-link\">Continuer la lecture de <span class=\"screen-reader-text\">Rentr\u00e9e 2022<\/span>  <span class=\"meta-nav\">&rarr;<\/span><\/a><\/p>\n","protected":false},"author":1,"featured_media":0,"comment_status":"closed","ping_status":"","sticky":false,"template":"","format":"standard","meta":{"footnotes":""},"categories":[1],"tags":[],"_links":{"self":[{"href":"https:\/\/chrystelprof.fr\/index.php?rest_route=\/wp\/v2\/posts\/312"}],"collection":[{"href":"https:\/\/chrystelprof.fr\/index.php?rest_route=\/wp\/v2\/posts"}],"about":[{"href":"https:\/\/chrystelprof.fr\/index.php?rest_route=\/wp\/v2\/types\/post"}],"author":[{"embeddable":true,"href":"https:\/\/chrystelprof.fr\/index.php?rest_route=\/wp\/v2\/users\/1"}],"replies":[{"embeddable":true,"href":"https:\/\/chrystelprof.fr\/index.php?rest_route=%2Fwp%2Fv2%2Fcomments&post=312"}],"version-history":[{"count":5,"href":"https:\/\/chrystelprof.fr\/index.php?rest_route=\/wp\/v2\/posts\/312\/revisions"}],"predecessor-version":[{"id":354,"href":"https:\/\/chrystelprof.fr\/index.php?rest_route=\/wp\/v2\/posts\/312\/revisions\/354"}],"wp:attachment":[{"href":"https:\/\/chrystelprof.fr\/index.php?rest_route=%2Fwp%2Fv2%2Fmedia&parent=312"}],"wp:term":[{"taxonomy":"category","embeddable":true,"href":"https:\/\/chrystelprof.fr\/index.php?rest_route=%2Fwp%2Fv2%2Fcategories&post=312"},{"taxonomy":"post_tag","embeddable":true,"href":"https:\/\/chrystelprof.fr\/index.php?rest_route=%2Fwp%2Fv2%2Ftags&post=312"}],"curies":[{"name":"wp","href":"https:\/\/api.w.org\/{rel}","templated":true}]}}